{"id":10612,"date":"2024-08-31T13:20:09","date_gmt":"2024-08-31T11:20:09","guid":{"rendered":"https:\/\/kcoa-africa.org\/?p=10612"},"modified":"2024-08-31T13:22:41","modified_gmt":"2024-08-31T11:22:41","slug":"promouvoir-la-conservation-des-grains-de-mais-en-utilisant-des-epis-de-mais-vides-une-methode-innovante-et-naturelle","status":"publish","type":"post","link":"https:\/\/kcoa-africa.org\/fr\/promouvoir-la-conservation-des-grains-de-mais-en-utilisant-des-epis-de-mais-vides-une-methode-innovante-et-naturelle\/","title":{"rendered":"Promouvoir la conservation des grains de ma\u00efs en utilisant des \u00e9pis de ma\u00efs vides : Une m\u00e9thode innovante et naturelle"},"content":{"rendered":"\t\t<div data-elementor-type=\"wp-post\" data-elementor-id=\"10612\" class=\"elementor elementor-10612\" data-elementor-post-type=\"post\">\n\t\t\t\t\t\t<section class=\"elementor-section elementor-top-section elementor-element elementor-element-46d0c39 elementor-section-boxed elementor-section-height-default elementor-section-height-default\" data-id=\"46d0c39\" data-element_type=\"section\" data-e-type=\"section\" data-settings=\"{&quot;jet_parallax_layout_list&quot;:[]}\">\n\t\t\t\t\t\t<div class=\"elementor-container elementor-column-gap-default\">\n\t\t\t\t\t<div class=\"elementor-column elementor-col-100 elementor-top-column elementor-element elementor-element-2406ba1\" data-id=\"2406ba1\" data-element_type=\"column\" data-e-type=\"column\">\n\t\t\t<div class=\"elementor-widget-wrap elementor-element-populated\">\n\t\t\t\t\t\t<div class=\"elementor-element elementor-element-7a05e2d elementor-widget elementor-widget-text-editor\" data-id=\"7a05e2d\" data-element_type=\"widget\" data-e-type=\"widget\" data-widget_type=\"text-editor.default\">\n\t\t\t\t<div class=\"elementor-widget-container\">\n\t\t\t\t\t\t\t\t\t<p>Ces derni\u00e8res ann\u00e9es, le besoin de pratiques agricoles durables et respectueuses de l&rsquo;environnement s&rsquo;est fait de plus en plus pressant. La conservation des grains de ma\u00efs \u00e0 l&rsquo;aide d&rsquo;\u00e9pis de ma\u00efs vides est une solution innovante qui a retenu l&rsquo;attention. Cette m\u00e9thode, mise au point par le Dr Momar Talla Gueye de l&rsquo;Institut de technologie alimentaire, offre un moyen naturel et efficace de prot\u00e9ger les grains de ma\u00efs contre les parasites sans avoir recours aux pesticides de synth\u00e8se.<\/p><p>\u00a0<\/p>\t\t\t\t\t\t\t\t<\/div>\n\t\t\t\t<\/div>\n\t\t\t\t\t<\/div>\n\t\t<\/div>\n\t\t\t\t\t<\/div>\n\t\t<\/section>\n\t\t\t\t<section class=\"elementor-section elementor-top-section elementor-element elementor-element-7e8cfdc elementor-section-boxed elementor-section-height-default elementor-section-height-default\" data-id=\"7e8cfdc\" data-element_type=\"section\" data-e-type=\"section\" data-settings=\"{&quot;jet_parallax_layout_list&quot;:[]}\">\n\t\t\t\t\t\t<div class=\"elementor-container elementor-column-gap-default\">\n\t\t\t\t\t<div class=\"elementor-column elementor-col-100 elementor-top-column elementor-element elementor-element-035278b\" data-id=\"035278b\" data-element_type=\"column\" data-e-type=\"column\">\n\t\t\t<div class=\"elementor-widget-wrap elementor-element-populated\">\n\t\t\t\t\t\t<div class=\"elementor-element elementor-element-b5bfa93 elementor-widget elementor-widget-heading\" data-id=\"b5bfa93\" data-element_type=\"widget\" data-e-type=\"widget\" data-widget_type=\"heading.default\">\n\t\t\t\t<div class=\"elementor-widget-container\">\n\t\t\t\t\t<h2 class=\"elementor-heading-title elementor-size-default\">L'innovation<\/h2>\t\t\t\t<\/div>\n\t\t\t\t<\/div>\n\t\t\t\t\t<\/div>\n\t\t<\/div>\n\t\t\t\t\t<\/div>\n\t\t<\/section>\n\t\t\t\t<section class=\"elementor-section elementor-top-section elementor-element elementor-element-a9dd639 elementor-section-boxed elementor-section-height-default elementor-section-height-default\" data-id=\"a9dd639\" data-element_type=\"section\" data-e-type=\"section\" data-settings=\"{&quot;jet_parallax_layout_list&quot;:[]}\">\n\t\t\t\t\t\t<div class=\"elementor-container elementor-column-gap-default\">\n\t\t\t\t\t<div class=\"elementor-column elementor-col-100 elementor-top-column elementor-element elementor-element-41cbea9\" data-id=\"41cbea9\" data-element_type=\"column\" data-e-type=\"column\">\n\t\t\t<div class=\"elementor-widget-wrap elementor-element-populated\">\n\t\t\t\t\t\t<div class=\"elementor-element elementor-element-ccad6e0 elementor-widget elementor-widget-text-editor\" data-id=\"ccad6e0\" data-element_type=\"widget\" data-e-type=\"widget\" data-widget_type=\"text-editor.default\">\n\t\t\t\t<div class=\"elementor-widget-container\">\n\t\t\t\t\t\t\t\t\t<p>L&rsquo;id\u00e9e principale de cette m\u00e9thode est d&rsquo;utiliser les \u00e9pis de ma\u00efs vides broy\u00e9s comme pesticide biologique pour prot\u00e9ger les grains contre les insectes nuisibles. Une fois que les \u00e9pis de ma\u00efs ont \u00e9t\u00e9 d\u00e9barrass\u00e9s de leurs grains, les \u00e9pis restants ne sont pas jet\u00e9s, mais finement broy\u00e9s et utilis\u00e9s pour recouvrir les grains de ma\u00efs. Cette approche r\u00e9duit consid\u00e9rablement les dommages caus\u00e9s par les insectes nuisibles et est particuli\u00e8rement b\u00e9n\u00e9fique pour les petits exploitants agricoles.<\/p>\t\t\t\t\t\t\t\t<\/div>\n\t\t\t\t<\/div>\n\t\t\t\t\t<\/div>\n\t\t<\/div>\n\t\t\t\t\t<\/div>\n\t\t<\/section>\n\t\t\t\t<section class=\"elementor-section elementor-top-section elementor-element elementor-element-5ed7771 elementor-section-boxed elementor-section-height-default elementor-section-height-default\" data-id=\"5ed7771\" data-element_type=\"section\" data-e-type=\"section\" data-settings=\"{&quot;jet_parallax_layout_list&quot;:[]}\">\n\t\t\t\t\t\t<div class=\"elementor-container elementor-column-gap-default\">\n\t\t\t\t\t<div class=\"elementor-column elementor-col-100 elementor-top-column elementor-element elementor-element-7720f2f\" data-id=\"7720f2f\" data-element_type=\"column\" data-e-type=\"column\">\n\t\t\t<div class=\"elementor-widget-wrap elementor-element-populated\">\n\t\t\t\t\t\t<div class=\"elementor-element elementor-element-e8fd1f3 elementor-widget elementor-widget-image\" data-id=\"e8fd1f3\" data-element_type=\"widget\" data-e-type=\"widget\" data-widget_type=\"image.default\">\n\t\t\t\t<div class=\"elementor-widget-container\">\n\t\t\t\t\t\t\t\t\t\t\t\t\t\t\t<img fetchpriority=\"high\" decoding=\"async\" width=\"545\" height=\"230\" src=\"https:\/\/kcoa-africa.org\/wp-content\/uploads\/2024\/08\/rafles-de-mais-photo-vyncke.jpg\" class=\"attachment-large size-large wp-image-10361\" alt=\"\" \/>\t\t\t\t\t\t\t\t\t\t\t\t\t\t\t<\/div>\n\t\t\t\t<\/div>\n\t\t\t\t\t<\/div>\n\t\t<\/div>\n\t\t\t\t\t<\/div>\n\t\t<\/section>\n\t\t\t\t<section class=\"elementor-section elementor-top-section elementor-element elementor-element-691baee elementor-section-boxed elementor-section-height-default elementor-section-height-default\" data-id=\"691baee\" data-element_type=\"section\" data-e-type=\"section\" data-settings=\"{&quot;jet_parallax_layout_list&quot;:[]}\">\n\t\t\t\t\t\t<div class=\"elementor-container elementor-column-gap-default\">\n\t\t\t\t\t<div class=\"elementor-column elementor-col-100 elementor-top-column elementor-element elementor-element-c3ce517\" data-id=\"c3ce517\" data-element_type=\"column\" data-e-type=\"column\">\n\t\t\t<div class=\"elementor-widget-wrap elementor-element-populated\">\n\t\t\t\t\t\t<div class=\"elementor-element elementor-element-4085ee7 elementor-widget elementor-widget-heading\" data-id=\"4085ee7\" data-element_type=\"widget\" data-e-type=\"widget\" data-widget_type=\"heading.default\">\n\t\t\t\t<div class=\"elementor-widget-container\">\n\t\t\t\t\t<h2 class=\"elementor-heading-title elementor-size-default\">Comment ca marche?<\/h2>\t\t\t\t<\/div>\n\t\t\t\t<\/div>\n\t\t\t\t\t<\/div>\n\t\t<\/div>\n\t\t\t\t\t<\/div>\n\t\t<\/section>\n\t\t\t\t<section class=\"elementor-section elementor-top-section elementor-element elementor-element-15a33fc elementor-section-boxed elementor-section-height-default elementor-section-height-default\" data-id=\"15a33fc\" data-element_type=\"section\" data-e-type=\"section\" data-settings=\"{&quot;jet_parallax_layout_list&quot;:[]}\">\n\t\t\t\t\t\t<div class=\"elementor-container elementor-column-gap-default\">\n\t\t\t\t\t<div class=\"elementor-column elementor-col-100 elementor-top-column elementor-element elementor-element-f5a8a3b\" data-id=\"f5a8a3b\" data-element_type=\"column\" data-e-type=\"column\">\n\t\t\t<div class=\"elementor-widget-wrap elementor-element-populated\">\n\t\t\t\t\t\t<div class=\"elementor-element elementor-element-c4c77a5 elementor-widget elementor-widget-text-editor\" data-id=\"c4c77a5\" data-element_type=\"widget\" data-e-type=\"widget\" data-widget_type=\"text-editor.default\">\n\t\t\t\t<div class=\"elementor-widget-container\">\n\t\t\t\t\t\t\t\t\t<ol><li><p><strong>S\u00e9chage naturel :<\/strong> Les \u00e9pis de ma\u00efs sont d&rsquo;abord s\u00e9ch\u00e9s naturellement au soleil.<\/p><\/li><li><p><strong>Broyage :<\/strong> Les \u00e9pis s\u00e9ch\u00e9s sont ensuite broy\u00e9s, soit manuellement \u00e0 l&rsquo;aide d&rsquo;un mortier, soit m\u00e9caniquement le plus finement possible.<\/p><\/li><li><p><strong>Stockage :<\/strong> Les \u00e9pis vides finement broy\u00e9s sont m\u00e9lang\u00e9s aux grains de ma\u00efs et stock\u00e9s ensemble dans des sacs ou d&rsquo;autres conteneurs.<\/p><\/li><\/ol><p>Ce m\u00e9lange permet de prot\u00e9ger efficacement les grains contre les insectes nuisibles.<\/p><p>En suivant ces \u00e9tapes simples, les agriculteurs peuvent s&rsquo;assurer que leurs grains de ma\u00efs restent prot\u00e9g\u00e9s des insectes nuisibles pendant toute la p\u00e9riode de stockage.<\/p>\t\t\t\t\t\t\t\t<\/div>\n\t\t\t\t<\/div>\n\t\t\t\t\t<\/div>\n\t\t<\/div>\n\t\t\t\t\t<\/div>\n\t\t<\/section>\n\t\t\t\t<section class=\"elementor-section elementor-top-section elementor-element elementor-element-0582c56 elementor-section-boxed elementor-section-height-default elementor-section-height-default\" data-id=\"0582c56\" data-element_type=\"section\" data-e-type=\"section\" data-settings=\"{&quot;jet_parallax_layout_list&quot;:[]}\">\n\t\t\t\t\t\t<div class=\"elementor-container elementor-column-gap-default\">\n\t\t\t\t\t<div class=\"elementor-column elementor-col-100 elementor-top-column elementor-element elementor-element-dc42d69\" data-id=\"dc42d69\" data-element_type=\"column\" data-e-type=\"column\">\n\t\t\t<div class=\"elementor-widget-wrap elementor-element-populated\">\n\t\t\t\t\t\t<div class=\"elementor-element elementor-element-2ea4941 elementor-widget elementor-widget-heading\" data-id=\"2ea4941\" data-element_type=\"widget\" data-e-type=\"widget\" data-widget_type=\"heading.default\">\n\t\t\t\t<div class=\"elementor-widget-container\">\n\t\t\t\t\t<h2 class=\"elementor-heading-title elementor-size-default\">B\u00e9n\u00e9fice de cette m\u00e9thode<\/h2>\t\t\t\t<\/div>\n\t\t\t\t<\/div>\n\t\t\t\t\t<\/div>\n\t\t<\/div>\n\t\t\t\t\t<\/div>\n\t\t<\/section>\n\t\t\t\t<section class=\"elementor-section elementor-top-section elementor-element elementor-element-75bee09 elementor-section-boxed elementor-section-height-default elementor-section-height-default\" data-id=\"75bee09\" data-element_type=\"section\" data-e-type=\"section\" data-settings=\"{&quot;jet_parallax_layout_list&quot;:[]}\">\n\t\t\t\t\t\t<div class=\"elementor-container elementor-column-gap-default\">\n\t\t\t\t\t<div class=\"elementor-column elementor-col-100 elementor-top-column elementor-element elementor-element-5a97948\" data-id=\"5a97948\" data-element_type=\"column\" data-e-type=\"column\">\n\t\t\t<div class=\"elementor-widget-wrap elementor-element-populated\">\n\t\t\t\t\t\t<div class=\"elementor-element elementor-element-9e91871 elementor-widget elementor-widget-text-editor\" data-id=\"9e91871\" data-element_type=\"widget\" data-e-type=\"widget\" data-widget_type=\"text-editor.default\">\n\t\t\t\t<div class=\"elementor-widget-container\">\n\t\t\t\t\t\t\t\t\t<ul><li><strong>Respect de l&rsquo;environnement :<\/strong> en utilisant un sous-produit naturel de la r\u00e9colte du ma\u00efs, cette m\u00e9thode \u00e9vite l&rsquo;utilisation de pesticides synth\u00e9tiques, ce qui r\u00e9duit l&rsquo;impact sur l&rsquo;environnement.<\/li><li><strong>Avantages pour la sant\u00e9 :<\/strong> Sans l&rsquo;utilisation de pesticides chimiques, il n&rsquo;y a pas de risque de r\u00e9sidus toxiques sur le ma\u00efs, ce qui pr\u00e9serve la sant\u00e9 humaine et animale.<\/li><li><strong>Rentabilit\u00e9 :<\/strong> Cette technologie est pratiquement gratuite pour les agriculteurs qui ont d\u00e9j\u00e0 acc\u00e8s \u00e0 des \u00e9pis de ma\u00efs, ce qui en fait une option \u00e9conomiquement viable.<\/li><li><strong>Lutte efficace contre les parasites :<\/strong> Des \u00e9tudes ont montr\u00e9 que lorsqu&rsquo;elles sont utilis\u00e9es \u00e0 une concentration sup\u00e9rieure \u00e0 4 %, les rafles broy\u00e9es peuvent maintenir les dommages et les pertes dus aux ravageurs \u00e0 moins de 1 % et 0,3 %, respectivement.<\/li><\/ul>\t\t\t\t\t\t\t\t<\/div>\n\t\t\t\t<\/div>\n\t\t\t\t\t<\/div>\n\t\t<\/div>\n\t\t\t\t\t<\/div>\n\t\t<\/section>\n\t\t\t\t<section class=\"elementor-section elementor-top-section elementor-element elementor-element-100d2c4 elementor-section-boxed elementor-section-height-default elementor-section-height-default\" data-id=\"100d2c4\" data-element_type=\"section\" data-e-type=\"section\" data-settings=\"{&quot;jet_parallax_layout_list&quot;:[]}\">\n\t\t\t\t\t\t<div class=\"elementor-container elementor-column-gap-default\">\n\t\t\t\t\t<div class=\"elementor-column elementor-col-100 elementor-top-column elementor-element elementor-element-68c2bc7\" data-id=\"68c2bc7\" data-element_type=\"column\" data-e-type=\"column\">\n\t\t\t<div class=\"elementor-widget-wrap elementor-element-populated\">\n\t\t\t\t\t\t<div class=\"elementor-element elementor-element-50767df elementor-widget elementor-widget-heading\" data-id=\"50767df\" data-element_type=\"widget\" data-e-type=\"widget\" data-widget_type=\"heading.default\">\n\t\t\t\t<div class=\"elementor-widget-container\">\n\t\t\t\t\t<h2 class=\"elementor-heading-title elementor-size-default\">Succ\u00e8s de cette m\u00e9thode au S\u00e9n\u00e9gal<\/h2>\t\t\t\t<\/div>\n\t\t\t\t<\/div>\n\t\t\t\t\t<\/div>\n\t\t<\/div>\n\t\t\t\t\t<\/div>\n\t\t<\/section>\n\t\t\t\t<section class=\"elementor-section elementor-top-section elementor-element elementor-element-0241917 elementor-section-boxed elementor-section-height-default elementor-section-height-default\" data-id=\"0241917\" data-element_type=\"section\" data-e-type=\"section\" data-settings=\"{&quot;jet_parallax_layout_list&quot;:[]}\">\n\t\t\t\t\t\t<div class=\"elementor-container elementor-column-gap-default\">\n\t\t\t\t\t<div class=\"elementor-column elementor-col-100 elementor-top-column elementor-element elementor-element-546370c\" data-id=\"546370c\" data-element_type=\"column\" data-e-type=\"column\">\n\t\t\t<div class=\"elementor-widget-wrap elementor-element-populated\">\n\t\t\t\t\t\t<div class=\"elementor-element elementor-element-12166ae elementor-widget elementor-widget-text-editor\" data-id=\"12166ae\" data-element_type=\"widget\" data-e-type=\"widget\" data-widget_type=\"text-editor.default\">\n\t\t\t\t<div class=\"elementor-widget-container\">\n\t\t\t\t\t\t\t\t\t<p>Cette m\u00e9thode a d\u00e9j\u00e0 \u00e9t\u00e9 mise en \u0153uvre avec succ\u00e8s au S\u00e9n\u00e9gal, o\u00f9 elle s&rsquo;est av\u00e9r\u00e9e \u00eatre une alternative fiable aux pesticides synth\u00e9tiques. La technique a \u00e9t\u00e9 largement adopt\u00e9e par les producteurs de ma\u00efs locaux, ce qui a permis d&rsquo;am\u00e9liorer la qualit\u00e9 des grains et de r\u00e9duire les pertes apr\u00e8s la r\u00e9colte.<\/p><p>Cette approche innovante souligne non seulement l&rsquo;importance des pratiques agricoles durables, mais aussi le potentiel des ressources naturelles pour renforcer la s\u00e9curit\u00e9 alimentaire et r\u00e9duire l&rsquo;impact sur l&rsquo;environnement. En promouvant de telles techniques, nous pouvons \u00e9voluer vers un avenir agricole plus durable et plus r\u00e9sistant.<\/p><p>Pour de plus amples informations sur cette technique et sa mise en \u0153uvre, veuillez consulter l&rsquo;\u00e9tude originale du Dr Momar Talla Gueye et de ses coll\u00e8gues de l&rsquo;Institut de technologie alimentaire.<\/p>\t\t\t\t\t\t\t\t<\/div>\n\t\t\t\t<\/div>\n\t\t\t\t<div class=\"elementor-element elementor-element-66e1f77 elementor-widget elementor-widget-text-editor\" data-id=\"66e1f77\" data-element_type=\"widget\" data-e-type=\"widget\" data-widget_type=\"text-editor.default\">\n\t\t\t\t<div class=\"elementor-widget-container\">\n\t\t\t\t\t\t\t\t\t<p>Vous pouvez t\u00e9l\u00e9charger le produit de connaissances en lien avec cette innovation en cliquant sur ce lien :<\/p><p><a href=\"https:\/\/kcoa-africa.org\/wp-content\/uploads\/2024\/05\/Conservation-des-grains-de-mais-par-des-epis-vides-de-mais.pdf\">https:\/\/kcoa-africa.org\/wp-content\/uploads\/2024\/05\/Conservation-des-grains-de-mais-par-des-epis-vides-de-mais.pdf<\/a><\/p>\t\t\t\t\t\t\t\t<\/div>\n\t\t\t\t<\/div>\n\t\t\t\t\t<\/div>\n\t\t<\/div>\n\t\t\t\t\t<\/div>\n\t\t<\/section>\n\t\t\t\t<section class=\"elementor-section elementor-top-section elementor-element elementor-element-b45e74c elementor-section-boxed elementor-section-height-default elementor-section-height-default\" data-id=\"b45e74c\" data-element_type=\"section\" data-e-type=\"section\" data-settings=\"{&quot;jet_parallax_layout_list&quot;:[]}\">\n\t\t\t\t\t\t<div class=\"elementor-container elementor-column-gap-default\">\n\t\t\t\t\t<div class=\"elementor-column elementor-col-100 elementor-top-column elementor-element elementor-element-c2b19d0\" data-id=\"c2b19d0\" data-element_type=\"column\" data-e-type=\"column\">\n\t\t\t<div class=\"elementor-widget-wrap elementor-element-populated\">\n\t\t\t\t\t\t<div class=\"elementor-element elementor-element-5913133 elementor-grid-3 elementor-grid-tablet-2 elementor-grid-mobile-1 elementor-posts--thumbnail-top elementor-widget elementor-widget-posts\" data-id=\"5913133\" data-element_type=\"widget\" data-e-type=\"widget\" data-settings=\"{&quot;classic_columns&quot;:&quot;3&quot;,&quot;classic_columns_tablet&quot;:&quot;2&quot;,&quot;classic_columns_mobile&quot;:&quot;1&quot;,&quot;classic_row_gap&quot;:{&quot;unit&quot;:&quot;px&quot;,&quot;size&quot;:35,&quot;sizes&quot;:[]},&quot;classic_row_gap_laptop&quot;:{&quot;unit&quot;:&quot;px&quot;,&quot;size&quot;:&quot;&quot;,&quot;sizes&quot;:[]},&quot;classic_row_gap_tablet&quot;:{&quot;unit&quot;:&quot;px&quot;,&quot;size&quot;:&quot;&quot;,&quot;sizes&quot;:[]},&quot;classic_row_gap_mobile&quot;:{&quot;unit&quot;:&quot;px&quot;,&quot;size&quot;:&quot;&quot;,&quot;sizes&quot;:[]}}\" data-widget_type=\"posts.classic\">\n\t\t\t\t<div class=\"elementor-widget-container\">\n\t\t\t\t\t\t\t<div class=\"elementor-posts-container elementor-posts elementor-posts--skin-classic elementor-grid\" role=\"list\">\n\t\t\t\t<article class=\"elementor-post elementor-grid-item post-43435 post type-post status-publish format-standard has-post-thumbnail hentry category-exemples-de-reussites\" role=\"listitem\">\n\t\t\t\t<a class=\"elementor-post__thumbnail__link\" href=\"https:\/\/kcoa-africa.org\/fr\/elevage-de-mouches-soldats-noires-une-revolution-discrete-pour-nourrir-les-elevages-et-valoriser-les-dechets\/\" tabindex=\"-1\" >\n\t\t\t<div class=\"elementor-post__thumbnail\"><img decoding=\"async\" width=\"200\" height=\"300\" src=\"https:\/\/kcoa-africa.org\/wp-content\/uploads\/2026\/09\/BSF-200x300.jpg\" class=\"attachment-medium size-medium wp-image-43436\" alt=\"\" \/><\/div>\n\t\t<\/a>\n\t\t\t\t<div class=\"elementor-post__text\">\n\t\t\t\t<h3 class=\"elementor-post__title\">\n\t\t\t<a href=\"https:\/\/kcoa-africa.org\/fr\/elevage-de-mouches-soldats-noires-une-revolution-discrete-pour-nourrir-les-elevages-et-valoriser-les-dechets\/\" >\n\t\t\t\t\u00c9levage de mouches soldats noires : Une r\u00e9volution discr\u00e8te pour nourrir les \u00e9levages et valoriser les d\u00e9chets\t\t\t<\/a>\n\t\t<\/h3>\n\t\t\t\t<div class=\"elementor-post__meta-data\">\n\t\t\t\t\t<span class=\"elementor-post-date\">\n\t\t\t3 septembre 2026\t\t<\/span>\n\t\t\t\t<span class=\"elementor-post-avatar\">\n\t\t\tPas de commentaires\t\t<\/span>\n\t\t\t\t<\/div>\n\t\t\t\t<div class=\"elementor-post__excerpt\">\n\t\t\t<p>L\u2019\u00e9levage de la mouche soldat noire (BSF) appara\u00eet comme une solution innovante face \u00e0 la hausse des co\u00fbts des aliments pour b\u00e9tail et aux d\u00e9fis de gestion des d\u00e9chets organiques. Les larves de cet insecte, riches en prot\u00e9ines, constituent une excellente source d\u2019alimentation pour les volailles, les poissons et d\u2019autres animaux d\u2019\u00e9levage. En se nourrissant de d\u00e9chets biod\u00e9gradables, elles les transforment en biomasse nutritive, contribuant ainsi \u00e0 la valorisation des r\u00e9sidus organiques et \u00e0 la r\u00e9duction de la pollution.<\/p>\n<p>La r\u00e9ussite de cette activit\u00e9 repose sur des infrastructures adapt\u00e9es et une bonne ma\u00eetrise du cycle biologique de l\u2019insecte, depuis l\u2019\u00e9closion des \u0153ufs jusqu\u2019\u00e0 la production de nouvelles g\u00e9n\u00e9rations. Accessible aux petits producteurs gr\u00e2ce \u00e0 l\u2019utilisation de ressources locales, cette fili\u00e8re offre une alternative \u00e9conomique pour r\u00e9duire les co\u00fbts d\u2019alimentation animale tout en favorisant une \u00e9conomie circulaire.<\/p>\n<p>Rentable, \u00e9cologique et cr\u00e9atrice d\u2019emplois verts, l\u2019\u00e9levage de la mouche soldat noire s\u2019impose comme une innovation prometteuse pour renforcer la s\u00e9curit\u00e9 alimentaire, promouvoir une agriculture durable et offrir de nouvelles opportunit\u00e9s \u00e9conomiques aux jeunes et aux producteurs ruraux en Afrique.<\/p>\n\t\t<\/div>\n\t\t\n\t\t<a class=\"elementor-post__read-more\" href=\"https:\/\/kcoa-africa.org\/fr\/elevage-de-mouches-soldats-noires-une-revolution-discrete-pour-nourrir-les-elevages-et-valoriser-les-dechets\/\" aria-label=\"En savoir plus sur \u00c9levage de mouches soldats noires : Une r\u00e9volution discr\u00e8te pour nourrir les \u00e9levages et valoriser les d\u00e9chets\" tabindex=\"-1\" >\n\t\t\tLire la suite \u00bb\t\t<\/a>\n\n\t\t\t\t<\/div>\n\t\t\t\t<\/article>\n\t\t\t\t<article class=\"elementor-post elementor-grid-item post-43383 post type-post status-publish format-standard has-post-thumbnail hentry category-exemples-de-reussites\" role=\"listitem\">\n\t\t\t\t<a class=\"elementor-post__thumbnail__link\" href=\"https:\/\/kcoa-africa.org\/fr\/yaounde-accueille-la-2e-conference-du-bassin-du-congo\/\" tabindex=\"-1\" >\n\t\t\t<div class=\"elementor-post__thumbnail\"><img decoding=\"async\" width=\"300\" height=\"225\" src=\"https:\/\/kcoa-africa.org\/wp-content\/uploads\/2026\/08\/bassin-300x225.jpg\" class=\"attachment-medium size-medium wp-image-43384\" alt=\"\" \/><\/div>\n\t\t<\/a>\n\t\t\t\t<div class=\"elementor-post__text\">\n\t\t\t\t<h3 class=\"elementor-post__title\">\n\t\t\t<a href=\"https:\/\/kcoa-africa.org\/fr\/yaounde-accueille-la-2e-conference-du-bassin-du-congo\/\" >\n\t\t\t\tYaound\u00e9 accueille la 2e Conf\u00e9rence du Bassin du Congo\t\t\t<\/a>\n\t\t<\/h3>\n\t\t\t\t<div class=\"elementor-post__meta-data\">\n\t\t\t\t\t<span class=\"elementor-post-date\">\n\t\t\t27 ao\u00fbt 2026\t\t<\/span>\n\t\t\t\t<span class=\"elementor-post-avatar\">\n\t\t\tPas de commentaires\t\t<\/span>\n\t\t\t\t<\/div>\n\t\t\t\t<div class=\"elementor-post__excerpt\">\n\t\t\t<p>Du 25 au 27 ao\u00fbt 2026, Yaound\u00e9 accueille la 2e Conf\u00e9rence du Bassin du Congo sur l\u2019agro\u00e9cologie, r\u00e9unissant d\u00e9cideurs publics, organisations paysannes, chercheurs, partenaires techniques et acteurs de la soci\u00e9t\u00e9 civile. Plac\u00e9e sous le th\u00e8me \u00ab Agro\u00e9cologie inclusive, syst\u00e8mes alimentaires durables, biodiversit\u00e9 et justice climatique dans le Bassin du Congo \u00bb, cette rencontre vise \u00e0 renforcer les engagements en faveur de la transition agro\u00e9cologique et de la souverainet\u00e9 alimentaire dans la sous-r\u00e9gion.<\/p>\n<p>Les participants examinent les d\u00e9fis li\u00e9s \u00e0 la d\u00e9gradation des \u00e9cosyst\u00e8mes, \u00e0 la s\u00e9curit\u00e9 alimentaire, \u00e0 la conservation de la biodiversit\u00e9 et \u00e0 la r\u00e9silience des communaut\u00e9s rurales. Les \u00e9changes portent \u00e9galement sur le financement de l\u2019agro\u00e9cologie, l\u2019entrepreneuriat vert, les droits des peuples autochtones et l\u2019implication des jeunes. Cette conf\u00e9rence constitue ainsi un cadre de r\u00e9flexion et de concertation destin\u00e9 \u00e0 identifier des actions concr\u00e8tes pour promouvoir des syst\u00e8mes alimentaires durables et renforcer la justice climatique dans le Bassin du Congo.<\/p>\n\t\t<\/div>\n\t\t\n\t\t<a class=\"elementor-post__read-more\" href=\"https:\/\/kcoa-africa.org\/fr\/yaounde-accueille-la-2e-conference-du-bassin-du-congo\/\" aria-label=\"En savoir plus sur Yaound\u00e9 accueille la 2e Conf\u00e9rence du Bassin du Congo\" tabindex=\"-1\" >\n\t\t\tLire la suite \u00bb\t\t<\/a>\n\n\t\t\t\t<\/div>\n\t\t\t\t<\/article>\n\t\t\t\t<article class=\"elementor-post elementor-grid-item post-43369 post type-post status-publish format-standard has-post-thumbnail hentry category-exemples-de-reussites tag-agriculture-biologique-fr\" role=\"listitem\">\n\t\t\t\t<a class=\"elementor-post__thumbnail__link\" href=\"https:\/\/kcoa-africa.org\/fr\/foire-de-valorisation-des-produits-bio-dschang-met-a-lhonneur-lexcellence-de-lagriculture-biologique-camerounaise\/\" tabindex=\"-1\" >\n\t\t\t<div class=\"elementor-post__thumbnail\"><img loading=\"lazy\" decoding=\"async\" width=\"300\" height=\"225\" src=\"https:\/\/kcoa-africa.org\/wp-content\/uploads\/2026\/08\/foire-dschang-300x225.jpeg\" class=\"attachment-medium size-medium wp-image-43370\" alt=\"\" \/><\/div>\n\t\t<\/a>\n\t\t\t\t<div class=\"elementor-post__text\">\n\t\t\t\t<h3 class=\"elementor-post__title\">\n\t\t\t<a href=\"https:\/\/kcoa-africa.org\/fr\/foire-de-valorisation-des-produits-bio-dschang-met-a-lhonneur-lexcellence-de-lagriculture-biologique-camerounaise\/\" >\n\t\t\t\tFoire de valorisation des produits bio : Dschang met \u00e0 l\u2019honneur l\u2019excellence de l\u2019agriculture biologique camerounaise\t\t\t<\/a>\n\t\t<\/h3>\n\t\t\t\t<div class=\"elementor-post__meta-data\">\n\t\t\t\t\t<span class=\"elementor-post-date\">\n\t\t\t25 ao\u00fbt 2026\t\t<\/span>\n\t\t\t\t<span class=\"elementor-post-avatar\">\n\t\t\tPas de commentaires\t\t<\/span>\n\t\t\t\t<\/div>\n\t\t\t\t<div class=\"elementor-post__excerpt\">\n\t\t\t<p>Le 19 ao\u00fbt 2026, la Place des f\u00eates de Dschang a accueilli une foire de valorisation des produits biologiques certifi\u00e9s ETSO MBONG, organis\u00e9e par le GADD. R\u00e9unissant des producteurs des dix r\u00e9gions du Cameroun et l\u2019ensemble des acteurs de la cha\u00eene de valeur de l\u2019agriculture biologique et de l\u2019agro\u00e9cologie, l\u2019\u00e9v\u00e9nement a permis de promouvoir les produits locaux, de sensibiliser les consommateurs et de favoriser les \u00e9changes entre producteurs, transformateurs, distributeurs et organisations d\u2019accompagnement. Une initiative qui contribue \u00e0 renforcer la visibilit\u00e9 du bio et \u00e0 soutenir la transition vers une agriculture plus saine, durable et r\u00e9siliente.<\/p>\n\t\t<\/div>\n\t\t\n\t\t<a class=\"elementor-post__read-more\" href=\"https:\/\/kcoa-africa.org\/fr\/foire-de-valorisation-des-produits-bio-dschang-met-a-lhonneur-lexcellence-de-lagriculture-biologique-camerounaise\/\" aria-label=\"En savoir plus sur Foire de valorisation des produits bio : Dschang met \u00e0 l\u2019honneur l\u2019excellence de l\u2019agriculture biologique camerounaise\" tabindex=\"-1\" >\n\t\t\tLire la suite \u00bb\t\t<\/a>\n\n\t\t\t\t<\/div>\n\t\t\t\t<\/article>\n\t\t\t\t<article class=\"elementor-post elementor-grid-item post-43164 post type-post status-publish format-standard has-post-thumbnail hentry category-exemples-de-reussites\" role=\"listitem\">\n\t\t\t\t<a class=\"elementor-post__thumbnail__link\" href=\"https:\/\/kcoa-africa.org\/fr\/forum-social-mondial-de-cotonou-le-pcac-diffuse-le-compost-de-21-jours-le-bokashi-le-biofol-et-le-bioprotect-aux-acteurs-paysans\/\" tabindex=\"-1\" >\n\t\t\t<div class=\"elementor-post__thumbnail\"><img loading=\"lazy\" decoding=\"async\" width=\"300\" height=\"169\" src=\"https:\/\/kcoa-africa.org\/wp-content\/uploads\/2026\/08\/IMG_20260807_135913_849@-1231406349.jpg-300x169.jpeg\" class=\"attachment-medium size-medium wp-image-43156\" alt=\"\" \/><\/div>\n\t\t<\/a>\n\t\t\t\t<div class=\"elementor-post__text\">\n\t\t\t\t<h3 class=\"elementor-post__title\">\n\t\t\t<a href=\"https:\/\/kcoa-africa.org\/fr\/forum-social-mondial-de-cotonou-le-pcac-diffuse-le-compost-de-21-jours-le-bokashi-le-biofol-et-le-bioprotect-aux-acteurs-paysans\/\" >\n\t\t\t\tForum Social Mondial de Cotonou: le PCAC diffuse le Compost de 21 jours, le Bokashi, le Biofol et le Bioprotect  aux acteurs paysans\t\t\t<\/a>\n\t\t<\/h3>\n\t\t\t\t<div class=\"elementor-post__meta-data\">\n\t\t\t\t\t<span class=\"elementor-post-date\">\n\t\t\t14 ao\u00fbt 2026\t\t<\/span>\n\t\t\t\t<span class=\"elementor-post-avatar\">\n\t\t\tPas de commentaires\t\t<\/span>\n\t\t\t\t<\/div>\n\t\t\t\t<div class=\"elementor-post__excerpt\">\n\t\t\t<p>Le 8 ao\u00fbt 2026 \u00e0 Cotonou, le PCAC a particip\u00e9 au Panel Semences Paysannes consacr\u00e9 \u00e0 la s\u00e9curit\u00e9 alimentaire dans le bassin du Congo. Il y a valoris\u00e9 les produits de connaissances d\u00e9velopp\u00e9s avec le projet KCOA, notamment le compost de 21 jours, le Bokashi, le Biofol et le Bioprotect, comme solutions agro\u00e9cologiques pour fertiliser les sols, prot\u00e9ger les cultures et r\u00e9duire la d\u00e9pendance aux engrais chimiques de synth\u00e8se. \u00c0 travers leur diffusion, le PCAC renforce l\u2019acc\u00e8s des producteurs \u00e0 des pratiques simples, reproductibles et adapt\u00e9es aux r\u00e9alit\u00e9s locales, contribuant ainsi \u00e0 la restauration des sols et \u00e0 la souverainet\u00e9 alimentaire.<\/p>\n\t\t<\/div>\n\t\t\n\t\t<a class=\"elementor-post__read-more\" href=\"https:\/\/kcoa-africa.org\/fr\/forum-social-mondial-de-cotonou-le-pcac-diffuse-le-compost-de-21-jours-le-bokashi-le-biofol-et-le-bioprotect-aux-acteurs-paysans\/\" aria-label=\"En savoir plus sur Forum Social Mondial de Cotonou: le PCAC diffuse le Compost de 21 jours, le Bokashi, le Biofol et le Bioprotect  aux acteurs paysans\" tabindex=\"-1\" >\n\t\t\tLire la suite \u00bb\t\t<\/a>\n\n\t\t\t\t<\/div>\n\t\t\t\t<\/article>\n\t\t\t\t<article class=\"elementor-post elementor-grid-item post-43155 post type-post status-publish format-standard has-post-thumbnail hentry category-exemples-de-reussites tag-agroecology-fr-2\" role=\"listitem\">\n\t\t\t\t<a class=\"elementor-post__thumbnail__link\" href=\"https:\/\/kcoa-africa.org\/fr\/forum-social-mondial-de-cotonou-le-pcac-met-les-connaissances-agroecologiques-au-service-de-la-fertilite-des-sols\/\" tabindex=\"-1\" >\n\t\t\t<div class=\"elementor-post__thumbnail\"><img loading=\"lazy\" decoding=\"async\" width=\"300\" height=\"169\" src=\"https:\/\/kcoa-africa.org\/wp-content\/uploads\/2026\/08\/WhatsApp-Image-2026-08-12-at-14.25.54-300x169.jpeg\" class=\"attachment-medium size-medium wp-image-43160\" alt=\"Jean Marie MBARGA ; Coordonnateur du COAM dans le cadre du projet PCAC\" \/><\/div>\n\t\t<\/a>\n\t\t\t\t<div class=\"elementor-post__text\">\n\t\t\t\t<h3 class=\"elementor-post__title\">\n\t\t\t<a href=\"https:\/\/kcoa-africa.org\/fr\/forum-social-mondial-de-cotonou-le-pcac-met-les-connaissances-agroecologiques-au-service-de-la-fertilite-des-sols\/\" >\n\t\t\t\tForum Social Mondial de Cotonou : \u00c0 Cotonou, le PCAC partage son exp\u00e9rience en gestion des connaissances agro\u00e9cologiques\t\t\t<\/a>\n\t\t<\/h3>\n\t\t\t\t<div class=\"elementor-post__meta-data\">\n\t\t\t\t\t<span class=\"elementor-post-date\">\n\t\t\t14 ao\u00fbt 2026\t\t<\/span>\n\t\t\t\t<span class=\"elementor-post-avatar\">\n\t\t\tPas de commentaires\t\t<\/span>\n\t\t\t\t<\/div>\n\t\t\t\t<div class=\"elementor-post__excerpt\">\n\t\t\t<p>Le 8 ao\u00fbt 2026 \u00e0 Cotonou, le PCAC a particip\u00e9 au Panel \u00ab Solidarit\u00e9 internationale \u00bb organis\u00e9 par la D\u00e9l\u00e9gation alg\u00e9rienne, autour du th\u00e8me des innovations agro\u00e9cologiques et du partage d\u2019exp\u00e9riences. Il y a pr\u00e9sent\u00e9 le m\u00e9canisme de gestion des connaissances d\u00e9velopp\u00e9 avec le projet KCOA, bas\u00e9 sur l\u2019identification, la capitalisation, la documentation et la diffusion des savoirs et innovations agro\u00e9cologiques. Cette exp\u00e9rience met en \u00e9vidence le r\u00f4le du PCAC dans la circulation des connaissances pour renforcer des agricultures plus autonomes, r\u00e9silientes et solidaires.<\/p>\n\t\t<\/div>\n\t\t\n\t\t<a class=\"elementor-post__read-more\" href=\"https:\/\/kcoa-africa.org\/fr\/forum-social-mondial-de-cotonou-le-pcac-met-les-connaissances-agroecologiques-au-service-de-la-fertilite-des-sols\/\" aria-label=\"En savoir plus sur Forum Social Mondial de Cotonou : \u00c0 Cotonou, le PCAC partage son exp\u00e9rience en gestion des connaissances agro\u00e9cologiques\" tabindex=\"-1\" >\n\t\t\tLire la suite \u00bb\t\t<\/a>\n\n\t\t\t\t<\/div>\n\t\t\t\t<\/article>\n\t\t\t\t<article class=\"elementor-post elementor-grid-item post-43147 post type-post status-publish format-standard has-post-thumbnail hentry category-exemples-de-reussites\" role=\"listitem\">\n\t\t\t\t<a class=\"elementor-post__thumbnail__link\" href=\"https:\/\/kcoa-africa.org\/fr\/forum-social-mondial-de-cotonou-le-pcac-plaide-pour-sauver-les-savoirs-qui-nourrissent-les-racines\/\" tabindex=\"-1\" >\n\t\t\t<div class=\"elementor-post__thumbnail\"><img loading=\"lazy\" decoding=\"async\" width=\"300\" height=\"169\" src=\"https:\/\/kcoa-africa.org\/wp-content\/uploads\/2026\/08\/IMG_20260807_155245_198@485694176.jpg-1-300x169.jpeg\" class=\"attachment-medium size-medium wp-image-43148\" alt=\"\" \/><\/div>\n\t\t<\/a>\n\t\t\t\t<div class=\"elementor-post__text\">\n\t\t\t\t<h3 class=\"elementor-post__title\">\n\t\t\t<a href=\"https:\/\/kcoa-africa.org\/fr\/forum-social-mondial-de-cotonou-le-pcac-plaide-pour-sauver-les-savoirs-qui-nourrissent-les-racines\/\" >\n\t\t\t\tForum Social Mondial de Cotonou : le PCAC plaide pour sauver les savoirs qui nourrissent les racines\t\t\t<\/a>\n\t\t<\/h3>\n\t\t\t\t<div class=\"elementor-post__meta-data\">\n\t\t\t\t\t<span class=\"elementor-post-date\">\n\t\t\t13 ao\u00fbt 2026\t\t<\/span>\n\t\t\t\t<span class=\"elementor-post-avatar\">\n\t\t\tPas de commentaires\t\t<\/span>\n\t\t\t\t<\/div>\n\t\t\t\t<div class=\"elementor-post__excerpt\">\n\t\t\t<p>Le 6 ao\u00fbt 2026, lors du Forum social mondial de Cotonou, le PCAC a particip\u00e9 \u00e0 un panel consacr\u00e9 \u00e0 la sauvegarde des vivres de souverainet\u00e9 menac\u00e9s de disparition. Il a plaid\u00e9 pour l\u2019identification, la documentation et la transmission interg\u00e9n\u00e9rationnelle des savoirs paysans li\u00e9s \u00e0 ces aliments. Pour le PCAC, pr\u00e9server les vivres traditionnels, c\u2019est aussi prot\u00e9ger la m\u00e9moire agricole et culturelle des territoires et pr\u00e9parer une agriculture durable pour les g\u00e9n\u00e9rations futures.<\/p>\n\t\t<\/div>\n\t\t\n\t\t<a class=\"elementor-post__read-more\" href=\"https:\/\/kcoa-africa.org\/fr\/forum-social-mondial-de-cotonou-le-pcac-plaide-pour-sauver-les-savoirs-qui-nourrissent-les-racines\/\" aria-label=\"En savoir plus sur Forum Social Mondial de Cotonou : le PCAC plaide pour sauver les savoirs qui nourrissent les racines\" tabindex=\"-1\" >\n\t\t\tLire la suite \u00bb\t\t<\/a>\n\n\t\t\t\t<\/div>\n\t\t\t\t<\/article>\n\t\t\t\t<\/div>\n\t\t\n\t\t\t\t\t\t<\/div>\n\t\t\t\t<\/div>\n\t\t\t\t\t<\/div>\n\t\t<\/div>\n\t\t\t\t\t<\/div>\n\t\t<\/section>\n\t\t\t\t<\/div>\n\t\t","protected":false},"excerpt":{"rendered":"<p>La conservation des grains de ma\u00efs repr\u00e9sente un d\u00e9fi important en raison des pertes post-r\u00e9colte \u00e9lev\u00e9es caus\u00e9es par les infestations de ravageurs. Voici une m\u00e9thode naturelle innovante pour r\u00e9duire les pertes<\/p>\n","protected":false},"author":127,"featured_media":10355,"comment_status":"open","ping_status":"closed","sticky":false,"template":"","format":"standard","meta":{"_acf_changed":false,"footnotes":""},"categories":[117],"tags":[275,255,399,398,310],"class_list":["post-10612","post","type-post","status-publish","format-standard","has-post-thumbnail","hentry","category-exemples-de-reussites","tag-agriculture-biologique","tag-agroecology-fr-2","tag-conservation-naturelle","tag-lutte-contre-les-ravageurs","tag-pcac"],"acf":[],"_links":{"self":[{"href":"https:\/\/kcoa-africa.org\/fr\/wp-json\/wp\/v2\/posts\/10612","targetHints":{"allow":["GET"]}}],"collection":[{"href":"https:\/\/kcoa-africa.org\/fr\/wp-json\/wp\/v2\/posts"}],"about":[{"href":"https:\/\/kcoa-africa.org\/fr\/wp-json\/wp\/v2\/types\/post"}],"author":[{"embeddable":true,"href":"https:\/\/kcoa-africa.org\/fr\/wp-json\/wp\/v2\/users\/127"}],"replies":[{"embeddable":true,"href":"https:\/\/kcoa-africa.org\/fr\/wp-json\/wp\/v2\/comments?post=10612"}],"version-history":[{"count":7,"href":"https:\/\/kcoa-africa.org\/fr\/wp-json\/wp\/v2\/posts\/10612\/revisions"}],"predecessor-version":[{"id":12503,"href":"https:\/\/kcoa-africa.org\/fr\/wp-json\/wp\/v2\/posts\/10612\/revisions\/12503"}],"wp:featuredmedia":[{"embeddable":true,"href":"https:\/\/kcoa-africa.org\/fr\/wp-json\/wp\/v2\/media\/10355"}],"wp:attachment":[{"href":"https:\/\/kcoa-africa.org\/fr\/wp-json\/wp\/v2\/media?parent=10612"}],"wp:term":[{"taxonomy":"category","embeddable":true,"href":"https:\/\/kcoa-africa.org\/fr\/wp-json\/wp\/v2\/categories?post=10612"},{"taxonomy":"post_tag","embeddable":true,"href":"https:\/\/kcoa-africa.org\/fr\/wp-json\/wp\/v2\/tags?post=10612"}],"curies":[{"name":"wp","href":"https:\/\/api.w.org\/{rel}","templated":true}]}}