{"id":33427,"date":"2026-06-06T12:03:37","date_gmt":"2026-06-06T10:03:37","guid":{"rendered":"https:\/\/kcoa-africa.org\/?p=33427"},"modified":"2026-07-08T12:25:53","modified_gmt":"2026-07-08T10:25:53","slug":"cameroun-lagroecologie-cherche-sa-feuille-de-route-apres-des-annees-dinitiatives-dispersees","status":"publish","type":"post","link":"https:\/\/kcoa-africa.org\/fr\/cameroun-lagroecologie-cherche-sa-feuille-de-route-apres-des-annees-dinitiatives-dispersees\/","title":{"rendered":"Cameroun : L&rsquo;agro\u00e9cologie cherche sa feuille de route apr\u00e8s des ann\u00e9es d&rsquo;initiatives dispers\u00e9es"},"content":{"rendered":"<h4 style=\"text-align: justify\"><span dir=\"auto\" style=\"vertical-align: inherit\"><span dir=\"auto\" style=\"vertical-align: inherit\">Apr\u00e8s un premier atelier de r\u00e9flexion organis\u00e9 le 19 f\u00e9vrier 2026 \u00e0 Mbankomo, les acteurs de l&rsquo;agro\u00e9cologie camerounaise se sont retrouv\u00e9s dans la m\u00eame cit\u00e9 le 1er juin pour une seconde session. Objectif : amender, corriger et adopter le projet de feuille de route de la Strat\u00e9gie nationale de l&rsquo;agro\u00e9cologie propos\u00e9 par le consultant.<\/span><\/span><\/h4>\n<p><!--more--><\/p>\n<p style=\"text-align: justify\"><span dir=\"auto\" style=\"vertical-align: inherit\"><span dir=\"auto\" style=\"vertical-align: inherit\">L&rsquo;enjeu est de taille pour un pays qui a officialis\u00e9 son engagement d\u00e8s 2022 en faveur de la transition agro\u00e9cologique mais qui peine encore \u00e0 structurer ses initiatives locales.<\/span><\/span><\/p>\n<p style=\"text-align: justify\"><span dir=\"auto\" style=\"vertical-align: inherit\"><span dir=\"auto\" style=\"vertical-align: inherit\">Ils \u00e9taient trente-cinq, ce lundi 1er juin 2026 \u00e0 Mbankomo, sur invitation du Service d&rsquo;Appui aux Initiatives Locales de D\u00e9veloppement (SAILD), dans le cadre du projet Centre de Connaissances pour l&rsquo;Agriculture Biologique et l&rsquo;Agro\u00e9cologie en Afrique (CCAB) financ\u00e9 par la Coop\u00e9ration Allemande. L&rsquo;atelier a r\u00e9uni des repr\u00e9sentants des administrations sectorielles, des membres de la soci\u00e9t\u00e9 civile, des experts du P\u00f4le de Connaissances pour l&rsquo;Agriculture Biologique et l&rsquo;Agro\u00e9cologie en Afrique Centrale (PCAC), et quelques repr\u00e9sentants des partenaires techniques et financiers.<\/span><\/span><\/p>\n<p style=\"text-align: justify\"><span dir=\"auto\" style=\"vertical-align: inherit\"><span dir=\"auto\" style=\"vertical-align: inherit\">Tous autour d&rsquo;un m\u00eame objectif : amender et adopter le projet de feuille de route de la Strat\u00e9gie nationale de l&rsquo;agro\u00e9cologie au Cameroun. L&rsquo;exercice, technique en apparence, touche pourtant au c\u0153ur d&rsquo;un paradoxe national. Car si le minist\u00e8re de l&rsquo;Agriculture et du D\u00e9veloppement rural (MINADER) a officialis\u00e9 son engagement pour une agriculture r\u00e9siliente d\u00e8s 2022, et sign\u00e9 une convention ambitieuse avec le Service d&rsquo;Appui aux Initiatives Locales de D\u00e9veloppement (SAILD) en d\u00e9cembre 2023, le pays ne dispose toujours pas d&rsquo;un cadre strat\u00e9gique r\u00e9glementaire.<\/span><\/span><\/p>\n<p style=\"text-align: justify\"><span dir=\"auto\" style=\"vertical-align: inherit\"><span dir=\"auto\" style=\"vertical-align: inherit\">Les initiatives locales port\u00e9es par le R\u00e9seau pour la Promotion de l&rsquo;Agro\u00e9cologie au Cameroun (REPAC) et plusieurs coop\u00e9ratives paysannes ont prouv\u00e9 leur efficacit\u00e9 sur le terrain. Mais faute de pilotage central, leurs actions manquent de coordination et peinent \u00e0 mobiliser les financements n\u00e9cessaires. L&rsquo;atelier de Mbankomo, deuxi\u00e8me du genre apr\u00e8s celui du 19 f\u00e9vrier 2026, devait donc accoucher d&rsquo;un document clarifi\u00e9, avant sa transmission au MINADER pour validation officielle.<\/span><\/span><\/p>\n<p style=\"text-align: justify\"><span dir=\"auto\" style=\"vertical-align: inherit\"><span dir=\"auto\" style=\"vertical-align: inherit\">Apr\u00e8s une pr\u00e9sentation du plan de r\u00e9daction par le consultant, une synth\u00e8se du document propos\u00e9, puis des travaux en groupes pour la relecture et les amendements, la mise en commun a permis d&rsquo;aboutir \u00e0 une copie amend\u00e9e de la feuille de route.<\/span><\/span><\/p>\n<p style=\"text-align: justify\"><strong><span dir=\"auto\" style=\"vertical-align: inherit\"><span dir=\"auto\" style=\"vertical-align: inherit\">La feuille de route appartient au MINADER<\/span><\/span><\/strong><\/p>\n<p style=\"text-align: justify\"><span dir=\"auto\" style=\"vertical-align: inherit\"><span dir=\"auto\" style=\"vertical-align: inherit\">Simon Alain Messi, Directeur des organisations professionnelles agricoles (DOPA) au MINADER, a relev\u00e9 que : \u00ab La feuille de route \u00e9labor\u00e9e doit passer par le MINADER pour \u00eatre valid\u00e9e correctement. Et la suite du travail de mise en \u0153uvre devra \u00eatre confi\u00e9e \u00e0 un cabinet.\u00bb Le Directeur adjoint de l&rsquo;Observatoire national sur les changements climatiques (ONACC) a appuy\u00e9 le clou : \u00ab Le cabinet aura pour r\u00f4le d&rsquo;accompagner l&rsquo;\u00e9laboration de la Strat\u00e9gie nationale de l&rsquo;agro\u00e9cologie et non pas le contraire.\u00bb<\/span><\/span><\/p>\n<p style=\"text-align: justify\"><span dir=\"auto\" style=\"vertical-align: inherit\"><span dir=\"auto\" style=\"vertical-align: inherit\">Pour le SAILD, qui travaille sp\u00e9cifiquement sur le plaidoyer dans le cadre de la convention MINADER-SAILD, cet atelier repr\u00e9sentait une \u00e9tape d\u00e9cisive pour asseoir un cadre formel orientant les politiques publiques. Les partenaires techniques et financiers pr\u00e9sents ont salu\u00e9 la dynamique participative, tandis que les repr\u00e9sentants de la soci\u00e9t\u00e9 civile ont insist\u00e9 sur la n\u00e9cessit\u00e9 d&rsquo;une d\u00e9clinaison op\u00e9rationnelle rapide sur le terrain, avec des moyens adapt\u00e9s et un suivi-\u00e9valuation inclusif. Reste d\u00e9sormais une \u00e9tape d\u00e9cisive : la validation officielle par le MINADER.<\/span><\/span><\/p>\n<p style=\"text-align: right\"><strong><span dir=\"auto\" style=\"vertical-align: inherit\"><span dir=\"auto\" style=\"vertical-align: inherit\">Jean Kana<\/span><\/span><\/strong><\/p>\n","protected":false},"excerpt":{"rendered":"<p>R\u00e9unis le 1er juin 2026 \u00e0 Mbankomo, les acteurs de l&rsquo;agro\u00e9cologie camerounaise ont franchi une nouvelle \u00e9tape dans l&rsquo;\u00e9laboration de la Strat\u00e9gie nationale de l&rsquo;agro\u00e9cologie. \u00c0 l&rsquo;initiative du SAILD, dans le cadre du projet Centre de Connaissances pour l&rsquo;Agriculture Biologique et l&rsquo;Agro\u00e9cologie en Afrique (CCAB) financ\u00e9 par la Coop\u00e9ration allemande, repr\u00e9sentants des administrations, de la soci\u00e9t\u00e9 civile, du PCAC et des partenaires techniques et financiers ont examin\u00e9, amend\u00e9 et adopt\u00e9 le projet de feuille de route \u00e9labor\u00e9 par un consultant.<\/p>\n<p>Cette rencontre, qui faisait suite \u00e0 un premier atelier organis\u00e9 en f\u00e9vrier 2026, visait \u00e0 doter le Cameroun d&rsquo;un cadre strat\u00e9gique pour coordonner et renforcer les initiatives agro\u00e9cologiques d\u00e9j\u00e0 mises en \u0153uvre sur le terrain. Les propositions issues des travaux seront transmises au MINADER pour validation officielle, avant le lancement du processus d&rsquo;\u00e9laboration de la Strat\u00e9gie nationale. Les participants ont soulign\u00e9 l&rsquo;importance de disposer d&rsquo;un cadre r\u00e9glementaire inclusif, capable de soutenir la transition agro\u00e9cologique, de mobiliser les financements et d&rsquo;accompagner durablement les producteurs vers des syst\u00e8mes agricoles plus r\u00e9silients.<\/p>\n","protected":false},"author":399,"featured_media":33410,"comment_status":"open","ping_status":"closed","sticky":false,"template":"","format":"standard","meta":{"_acf_changed":false,"footnotes":""},"categories":[117],"tags":[255,772,774,775,776,777],"class_list":["post-33427","post","type-post","status-publish","format-standard","has-post-thumbnail","hentry","category-exemples-de-reussites","tag-agroecology-fr-2","tag-ccab","tag-feuille-de-route","tag-giz","tag-minader","tag-transition-agroecologique"],"acf":[],"_links":{"self":[{"href":"https:\/\/kcoa-africa.org\/fr\/wp-json\/wp\/v2\/posts\/33427","targetHints":{"allow":["GET"]}}],"collection":[{"href":"https:\/\/kcoa-africa.org\/fr\/wp-json\/wp\/v2\/posts"}],"about":[{"href":"https:\/\/kcoa-africa.org\/fr\/wp-json\/wp\/v2\/types\/post"}],"author":[{"embeddable":true,"href":"https:\/\/kcoa-africa.org\/fr\/wp-json\/wp\/v2\/users\/399"}],"replies":[{"embeddable":true,"href":"https:\/\/kcoa-africa.org\/fr\/wp-json\/wp\/v2\/comments?post=33427"}],"version-history":[{"count":4,"href":"https:\/\/kcoa-africa.org\/fr\/wp-json\/wp\/v2\/posts\/33427\/revisions"}],"predecessor-version":[{"id":42683,"href":"https:\/\/kcoa-africa.org\/fr\/wp-json\/wp\/v2\/posts\/33427\/revisions\/42683"}],"wp:attachment":[{"href":"https:\/\/kcoa-africa.org\/fr\/wp-json\/wp\/v2\/media?parent=33427"}],"wp:term":[{"taxonomy":"category","embeddable":true,"href":"https:\/\/kcoa-africa.org\/fr\/wp-json\/wp\/v2\/categories?post=33427"},{"taxonomy":"post_tag","embeddable":true,"href":"https:\/\/kcoa-africa.org\/fr\/wp-json\/wp\/v2\/tags?post=33427"}],"curies":[{"name":"wp","href":"https:\/\/api.w.org\/{rel}","templated":true}]}}