{"id":42685,"date":"2026-07-08T23:08:34","date_gmt":"2026-07-08T21:08:34","guid":{"rendered":"https:\/\/kcoa-africa.org\/?p=42685"},"modified":"2026-07-08T23:12:27","modified_gmt":"2026-07-08T21:12:27","slug":"le-groupe-de-travail-certification-biologique-coam-pilote-la-reflexion-sur-la-mise-en-oeuvre-de-la-loi-sur-lagriculture-biologique","status":"publish","type":"post","link":"https:\/\/kcoa-africa.org\/fr\/le-groupe-de-travail-certification-biologique-coam-pilote-la-reflexion-sur-la-mise-en-oeuvre-de-la-loi-sur-lagriculture-biologique\/","title":{"rendered":"Le Groupe de travail Certification Biologique\/COAM pilote la r\u00e9flexion sur la mise en \u0153uvre de la loi sur l&rsquo;agriculture biologique"},"content":{"rendered":"<h3><strong><span dir=\"auto\" style=\"vertical-align: inherit\"><span dir=\"auto\" style=\"vertical-align: inherit\">\u00c0 Soa, les experts du Groupe de travail Certification Biologique\/Cameroon Organic Agriculture Movement (COAM) ont conduit un atelier strat\u00e9gique r\u00e9unissant les membres du R\u00e9seau de Promotion de l&rsquo;Agro\u00e9cologie au Cameroun (REPAC). Au c\u0153ur des \u00e9changes : enrichir le d\u00e9cret d&rsquo;application de la loi sur l&rsquo;agriculture biologique et faire de ce nouveau cadre juridique un v\u00e9ritable levier de la transition agro\u00e9cologique au Cameroun.<\/span><\/span><\/strong><\/h3>\n<p><span dir=\"auto\" style=\"vertical-align: inherit\"><span dir=\"auto\" style=\"vertical-align: inherit\">Sept mois apr\u00e8s la promulgation de la loi sur l&rsquo;agriculture biologique, les acteurs de la fili\u00e8re ont continu\u00e9 leur mobilisation pour garantir une mise en \u0153uvre efficace de ce texte historique. Si cette loi traduit la volont\u00e9 de l&rsquo;\u00c9tat du Cameroun de promouvoir une agriculture respectueuse de l&rsquo;environnement et de la sant\u00e9 des consommateurs, elle soul\u00e8ve \u00e9galement plusieurs questions techniques relatives \u00e0 son application.<\/span><\/span><\/p>\n<p><span dir=\"auto\" style=\"vertical-align: inherit\"><span dir=\"auto\" style=\"vertical-align: inherit\">Conscient de ces enjeux, le <\/span><\/span><strong><span dir=\"auto\" style=\"vertical-align: inherit\"><span dir=\"auto\" style=\"vertical-align: inherit\">Groupe de travail Certification biologique\/COAM<\/span><\/span><\/strong><span dir=\"auto\" style=\"vertical-align: inherit\"><span dir=\"auto\" style=\"vertical-align: inherit\"> a anim\u00e9 un atelier de r\u00e9flexion r\u00e9unissant les membres du <\/span><\/span><strong><span dir=\"auto\" style=\"vertical-align: inherit\"><span dir=\"auto\" style=\"vertical-align: inherit\">R\u00e9seau de Promotion de l&rsquo;Agro\u00e9cologie au Cameroun (REPAC)<\/span><\/span><\/strong><span dir=\"auto\" style=\"vertical-align: inherit\"><span dir=\"auto\" style=\"vertical-align: inherit\"> . Cette rencontre de haut niveau avait pour ambition d&rsquo;analyser en profondeur les dispositions de la loi et de formuler des propositions destin\u00e9es \u00e0 renforcer son futur d\u00e9cret d&rsquo;application.<\/span><\/span><\/p>\n<h2><span dir=\"auto\" style=\"vertical-align: inherit\"><span dir=\"auto\" style=\"vertical-align: inherit\">Le Groupe de travail \u00ab Certification biologique \u00bb du COAM au c\u0153ur des \u00e9changes<\/span><\/span><\/h2>\n<p><span dir=\"auto\" style=\"vertical-align: inherit\"><span dir=\"auto\" style=\"vertical-align: inherit\">Tout au long de la journ\u00e9e, les travaux ont \u00e9t\u00e9 conduits par le Groupe de travail Certification biologique\/COAM, instance technique charg\u00e9e des questions relatives aux normes, aux syst\u00e8mes de certification et \u00e0 la cr\u00e9dibilit\u00e9 de l&rsquo;agriculture biologique au Cameroun.<\/span><\/span><\/p>\n<p><span dir=\"auto\" style=\"vertical-align: inherit\"><span dir=\"auto\" style=\"vertical-align: inherit\">Gr\u00e2ce \u00e0 son expertise, le groupe a facilit\u00e9 une lecture m\u00e9thodique de la loi, article par article, en orientant les d\u00e9bats sur les principaux d\u00e9fis li\u00e9s \u00e0 sa mise en \u0153uvre. Cette technique d&rsquo;animation a permis aux participants d&rsquo;identifier les insuffisances du texte, de clarifier certaines dispositions et de proposer des am\u00e9liorations concr\u00e8tes adapt\u00e9es aux r\u00e9alit\u00e9s des producteurs et des op\u00e9rateurs de la fili\u00e8re biologique.<\/span><\/span><\/p>\n<p><span dir=\"auto\" style=\"vertical-align: inherit\"><span dir=\"auto\" style=\"vertical-align: inherit\">Les \u00e9changes ont notamment port\u00e9 sur les m\u00e9canismes de certification, les modalit\u00e9s de contr\u00f4le, la reconnaissance des diff\u00e9rents syst\u00e8mes de garantie, ainsi que les conditions n\u00e9cessaires pour assurer la cr\u00e9dibilit\u00e9 des produits biologiques sur les march\u00e9s nationaux et internationaux.<\/span><\/span><\/p>\n<h2><span dir=\"auto\" style=\"vertical-align: inherit\"><span dir=\"auto\" style=\"vertical-align: inherit\">Faire converger agriculture biologique et agro\u00e9cologie<\/span><\/span><\/h2>\n<p><span dir=\"auto\" style=\"vertical-align: inherit\"><span dir=\"auto\" style=\"vertical-align: inherit\">Au-del\u00e0 des aspects r\u00e9glementaires, les discussions ont mis en \u00e9vidence la n\u00e9cessit\u00e9 d&rsquo;\u00e9tablir une articulation plus forte entre agriculture biologique et agro\u00e9cologie.<\/span><\/span><\/p>\n<p><span dir=\"auto\" style=\"vertical-align: inherit\"><span dir=\"auto\" style=\"vertical-align: inherit\">Pour les membres du REPAC, une agriculture biologique performante ne savent pas se limiter \u00e0 l&rsquo;exclusion des intrants chimiques de synth\u00e8se. Elle doit \u00e9galement int\u00e9grer des principes fondamentaux tels que la restauration de la fertilit\u00e9 des sols, la pr\u00e9servation de la biodiversit\u00e9, la valorisation des savoirs locaux, la r\u00e9silience face aux changements climatiques, la souverainet\u00e9 alimentaire et le renforcement des exploitations familiales.<\/span><\/span><\/p>\n<p><span dir=\"auto\" style=\"vertical-align: inherit\"><span dir=\"auto\" style=\"vertical-align: inherit\">Le Groupe de travail Certification biologique\/COAM a ainsi guid\u00e9 les participants dans la formulation de recommandations visant \u00e0 inscrire ces dimensions dans le futur d\u00e9cret d&rsquo;application.<\/span><\/span><\/p>\n<p><span dir=\"auto\" style=\"vertical-align: inherit\"><span dir=\"auto\" style=\"vertical-align: inherit\">Les travaux ont permis d&rsquo;\u00e9laborer une s\u00e9rie de propositions techniques destin\u00e9es \u00e0 enrichir le dispositif r\u00e9glementaire. Les participants ont travaill\u00e9 \u00e0 la formulation d&rsquo;amendements portant notamment sur les m\u00e9canismes de certification, l&rsquo;accompagnement des producteurs, la gouvernance du secteur et les modalit\u00e9s de contr\u00f4le.<\/span><\/span><\/p>\n<p><span dir=\"auto\" style=\"vertical-align: inherit\"><span dir=\"auto\" style=\"vertical-align: inherit\">Une attention particuli\u00e8re a \u00e9t\u00e9 accord\u00e9e \u00e0 la reconnaissance des initiatives locales d\u00e9j\u00e0 engag\u00e9es dans la promotion de l&rsquo;agriculture biologique et de l&rsquo;agro\u00e9cologie, afin que le futur cadre r\u00e9glementaire r\u00e9ponde aux r\u00e9alit\u00e9s du terrain.<\/span><\/span><\/p>\n<p><span dir=\"auto\" style=\"vertical-align: inherit\"><span dir=\"auto\" style=\"vertical-align: inherit\">L&rsquo;atelier a \u00e9galement abouti \u00e0 l&rsquo;\u00e9laboration d&rsquo;une <\/span><\/span><strong><span dir=\"auto\" style=\"vertical-align: inherit\"><span dir=\"auto\" style=\"vertical-align: inherit\">position commune du REPAC<\/span><\/span><\/strong><span dir=\"auto\" style=\"vertical-align: inherit\"><span dir=\"auto\" style=\"vertical-align: inherit\"> sur les relations entre agriculture biologique et agro\u00e9cologie. Cette contribution alimentera une note d&rsquo;information de plaidoyer destin\u00e9e aux d\u00e9cideurs publics dans le cadre de la finalisation du d\u00e9cret d&rsquo;application.<\/span><\/span><\/p>\n<h2><span dir=\"auto\" style=\"vertical-align: inherit\"><span dir=\"auto\" style=\"vertical-align: inherit\">Une expertise au service des politiques publiques<\/span><\/span><\/h2>\n<p><span dir=\"auto\" style=\"vertical-align: inherit\"><span dir=\"auto\" style=\"vertical-align: inherit\">\u00c0 travers l&rsquo;animation de cet atelier, le <\/span><\/span><strong><span dir=\"auto\" style=\"vertical-align: inherit\"><span dir=\"auto\" style=\"vertical-align: inherit\">Groupe de travail Certification biologique\/COAM<\/span><\/span><\/strong><span dir=\"auto\" style=\"vertical-align: inherit\"><span dir=\"auto\" style=\"vertical-align: inherit\"> confirme son r\u00f4le de r\u00e9f\u00e9rence technique dans le d\u00e9veloppement de l&rsquo;agriculture biologique au Cameroun. En mettant son expertise au service du dialogue entre les organisations de la soci\u00e9t\u00e9 civile, les producteurs et les pouvoirs publics, il contribue \u00e0 la construction d&rsquo;un cadre r\u00e9glementaire cr\u00e9dible, inclusif et conforme aux normes internationales.<\/span><\/span><\/p>\n<p><span dir=\"auto\" style=\"vertical-align: inherit\"><span dir=\"auto\" style=\"vertical-align: inherit\">Cette d\u00e9marche traduit \u00e9galement la volont\u00e9 du COAM de faire de la certification non seulement un m\u00e9canisme de contr\u00f4le, mais aussi un outil de valorisation des producteurs engag\u00e9s dans des pratiques agricoles durables.<\/span><\/span><\/p>\n<p><span dir=\"auto\" style=\"vertical-align: inherit\"><span dir=\"auto\" style=\"vertical-align: inherit\">\u00c0 l&rsquo;heure o\u00f9 les enjeux li\u00e9s \u00e0 la s\u00e9curit\u00e9 alimentaire, aux changements climatiques et \u00e0 la pr\u00e9servation des ressources naturelles s&rsquo;intensifient, les participants ont rappel\u00e9 que la r\u00e9ussite de la loi d\u00e9pendra de la qualit\u00e9 de son application.<\/span><\/span><\/p>\n<p><span dir=\"auto\" style=\"vertical-align: inherit\"><span dir=\"auto\" style=\"vertical-align: inherit\">En prenant l&rsquo;initiative d&rsquo;animer cette r\u00e9flexion strat\u00e9gique, le Groupe de travail \u00ab Certification biologique \u00bb du COAM d\u00e9montre que l&rsquo;expertise technique et le dialogue entre les acteurs constituant des conditions essentielles pour b\u00e2tir une agriculture biologique cr\u00e9dible, comp\u00e9titive et accessible aux producteurs camerounais.<\/span><\/span><\/p>\n<p><span dir=\"auto\" style=\"vertical-align: inherit\"><span dir=\"auto\" style=\"vertical-align: inherit\">La loi sur l&rsquo;agriculture biologique marque une avanc\u00e9e majeure. Son d\u00e9cret d&rsquo;application devra d\u00e9sormais traduire cette ambition en actions concr\u00e8tes, afin de faire de l&rsquo;agriculture biologique et de l&rsquo;agro\u00e9cologie des piliers d&rsquo;un d\u00e9veloppement agricole durable au Cameroun.<\/span><\/span><\/p>\n<p>&nbsp;<\/p>\n","protected":false},"excerpt":{"rendered":"<p>R\u00e9unis \u00e0 Soa, les membres du R\u00e9seau de Promotion de l&rsquo;Agro\u00e9cologie au Cameroun (REPAC) ont particip\u00e9 \u00e0 un atelier strat\u00e9gique anim\u00e9 par le Groupe de travail Certification biologique du Cameroon Organic Agriculture Movement (COAM). Cette rencontre visait \u00e0 analyser la loi sur l&rsquo;agriculture biologique, promulgu\u00e9e en d\u00e9cembre 2025, et \u00e0 formuler des propositions pour enrichir son d\u00e9cret d&rsquo;application.<\/p>\n<p>Gr\u00e2ce \u00e0 son expertise en mati\u00e8re de normes et de certification biologique, le Groupe de travail Certification biologique\/COAM a conduit les \u00e9changes autour des m\u00e9canismes de certification, des syst\u00e8mes de contr\u00f4le, de la reconnaissance des initiatives locales et de l&rsquo;articulation entre agriculture biologique et agro\u00e9cologie. Les travaux ont permis d&rsquo;\u00e9laborer des recommandations techniques ainsi qu&rsquo;une position commune du REPAC, qui alimentera une briefing note destin\u00e9e aux d\u00e9cideurs publics.<\/p>\n<p>\u00c0 travers cette initiative, le Groupe de travail Certification biologique\/COAM r\u00e9affirme son r\u00f4le de r\u00e9f\u00e9rence technique dans l&rsquo;accompagnement des politiques publiques et la promotion d&rsquo;un cadre r\u00e9glementaire cr\u00e9dible, inclusif et adapt\u00e9 aux r\u00e9alit\u00e9s des producteurs. L&rsquo;objectif est de faire du d\u00e9cret d&rsquo;application un v\u00e9ritable levier pour le d\u00e9veloppement de l&rsquo;agriculture biologique et l&rsquo;acc\u00e9l\u00e9ration de la transition agro\u00e9cologique au Cameroun.<\/p>\n","protected":false},"author":76,"featured_media":42686,"comment_status":"open","ping_status":"closed","sticky":false,"template":"","format":"standard","meta":{"_acf_changed":false,"footnotes":""},"categories":[117],"tags":[453,255],"class_list":["post-42685","post","type-post","status-publish","format-standard","has-post-thumbnail","hentry","category-exemples-de-reussites","tag-agriculture-biologique-fr","tag-agroecology-fr-2"],"acf":[],"_links":{"self":[{"href":"https:\/\/kcoa-africa.org\/fr\/wp-json\/wp\/v2\/posts\/42685","targetHints":{"allow":["GET"]}}],"collection":[{"href":"https:\/\/kcoa-africa.org\/fr\/wp-json\/wp\/v2\/posts"}],"about":[{"href":"https:\/\/kcoa-africa.org\/fr\/wp-json\/wp\/v2\/types\/post"}],"author":[{"embeddable":true,"href":"https:\/\/kcoa-africa.org\/fr\/wp-json\/wp\/v2\/users\/76"}],"replies":[{"embeddable":true,"href":"https:\/\/kcoa-africa.org\/fr\/wp-json\/wp\/v2\/comments?post=42685"}],"version-history":[{"count":2,"href":"https:\/\/kcoa-africa.org\/fr\/wp-json\/wp\/v2\/posts\/42685\/revisions"}],"predecessor-version":[{"id":42689,"href":"https:\/\/kcoa-africa.org\/fr\/wp-json\/wp\/v2\/posts\/42685\/revisions\/42689"}],"wp:featuredmedia":[{"embeddable":true,"href":"https:\/\/kcoa-africa.org\/fr\/wp-json\/wp\/v2\/media\/42686"}],"wp:attachment":[{"href":"https:\/\/kcoa-africa.org\/fr\/wp-json\/wp\/v2\/media?parent=42685"}],"wp:term":[{"taxonomy":"category","embeddable":true,"href":"https:\/\/kcoa-africa.org\/fr\/wp-json\/wp\/v2\/categories?post=42685"},{"taxonomy":"post_tag","embeddable":true,"href":"https:\/\/kcoa-africa.org\/fr\/wp-json\/wp\/v2\/tags?post=42685"}],"curies":[{"name":"wp","href":"https:\/\/api.w.org\/{rel}","templated":true}]}}