{"id":42721,"date":"2026-07-09T20:14:56","date_gmt":"2026-07-09T18:14:56","guid":{"rendered":"https:\/\/kcoa-africa.org\/?p=42721"},"modified":"2026-07-09T20:15:10","modified_gmt":"2026-07-09T18:15:10","slug":"portrait-pierre-canis-serge-essome-lentrepreneur-qui-cultive-lespoir-par-la-permaculture","status":"publish","type":"post","link":"https:\/\/kcoa-africa.org\/fr\/portrait-pierre-canis-serge-essome-lentrepreneur-qui-cultive-lespoir-par-la-permaculture\/","title":{"rendered":"Portrait | Pierre Canis Serge ESSOME : l&rsquo;entrepreneur qui cultive l&rsquo;espoir par la permaculture"},"content":{"rendered":"<p><strong><em>Technicien d&rsquo;agriculture, entrepreneur en permaculture, militant pour la justice climatique et multiplicateur accompagn\u00e9 par INADES-Formation Cameroun, Pierre Canis Serge ESSOME incarne une nouvelle g\u00e9n\u00e9ration de jeunes qui transforment les d\u00e9fis environnementaux en opportunit\u00e9s. Son parcours est celui d&rsquo;une r\u00e9silience exemplaire, o\u00f9 une injustice fonci\u00e8re est devenue le point de d\u00e9part d&rsquo;un engagement en faveur d&rsquo;une agriculture plus durable et plus inclusive.<\/em><\/strong><\/p>\n<p>\u00c0 premi\u00e8re vue, Pierre Canis Serge ESSOME ressemble \u00e0 beaucoup de jeunes passionn\u00e9s d&rsquo;agriculture. Pourtant, derri\u00e8re son sourire discret se cache une histoire faite d&rsquo;\u00e9preuves, de pers\u00e9v\u00e9rance et d&rsquo;innovation. \u00c0 seulement quelques ann\u00e9es de son dipl\u00f4me obtenu \u00e0 l&rsquo;\u00c9cole Technique d&rsquo;Agriculture de Sangm\u00e9lima (LETA), il est devenu une r\u00e9f\u00e9rence locale en mati\u00e8re de permaculture, d&rsquo;agriculture naturelle hors-sol et de justice climatique.<\/p>\n<p>Aujourd&rsquo;hui, il accompagne d&rsquo;autres jeunes, forme des producteurs et d\u00e9veloppe des solutions agricoles adapt\u00e9es aux r\u00e9alit\u00e9s des villes comme des campagnes. Son ambition est simple : d\u00e9montrer que l&rsquo;agriculture peut nourrir les populations, prot\u00e9ger la plan\u00e8te et offrir des opportunit\u00e9s \u00e9conomiques aux jeunes.<\/p>\n<p><strong><em>Une passion n\u00e9e d\u00e8s l&rsquo;enfance<\/em><\/strong><\/p>\n<p>N\u00e9 dans une famille de quatre enfants, dont deux gar\u00e7ons et deux filles, Pierre Canis Serge ESSOME grandit avec un profond attachement \u00e0 la terre. Tr\u00e8s t\u00f4t, il accompagne son p\u00e8re dans les activit\u00e9s agricoles. \u00ab Depuis l&rsquo;\u00e2ge de sept ans, j&rsquo;ai d\u00e9couvert le travail de la terre aux c\u00f4t\u00e9s de mon p\u00e8re. C&rsquo;est l\u00e0 qu&rsquo;est n\u00e9e ma passion pour l&rsquo;agriculture \u00bb, confie-t-il.<\/p>\n<p>Mais la vie lui apprend rapidement que la passion seule ne suffit pas. Les r\u00e9alit\u00e9s \u00e9conomiques, les difficult\u00e9s d&rsquo;acc\u00e8s au foncier et les nombreux obstacles rencontr\u00e9s par les jeunes entrepreneurs ruraux forgent progressivement sa d\u00e9termination. \u00ab J&rsquo;ai compris tr\u00e8s t\u00f4t que l&rsquo;on ne peut v\u00e9ritablement r\u00e9ussir qu&rsquo;en entreprenant, surtout dans le domaine du vivant, afin de construire un avenir meilleur pour les g\u00e9n\u00e9rations futures. \u00bb<\/p>\n<p>Le v\u00e9ritable tournant de son parcours survient apr\u00e8s une injustice fonci\u00e8re qui le prive de ses premi\u00e8res cultures.<\/p>\n<p>Pour beaucoup, cet \u00e9pisode aurait marqu\u00e9 la fin d&rsquo;un projet agricole. Pour Pierre, il devient au contraire le point de d\u00e9part d&rsquo;une profonde remise en question.<\/p>\n<p>\u00c0 la recherche de nouvelles solutions, il d\u00e9couvre INADES-Formation Cameroun \u00e0 travers le P\u00f4le de Connaissances pour l&rsquo;Agriculture Biologique et l&rsquo;Agro\u00e9cologie en Afrique Centrale (PCAC).<\/p>\n<p>Les formations, les accompagnements techniques et les \u00e9changes avec d&rsquo;autres producteurs lui ouvrent les portes d&rsquo;une agriculture diff\u00e9rente : l&rsquo;agro\u00e9cologie. \u00ab J&rsquo;ai compris qu&rsquo;il existait des fa\u00e7ons de produire autrement, avec moins de d\u00e9pendance aux intrants chimiques, davantage de respect pour la nature et surtout plus de r\u00e9silience face aux difficult\u00e9s. \u00bb<\/p>\n<p><strong><em>Devenir multiplicateur pour partager les solutions<\/em><\/strong><\/p>\n<p>Accompagn\u00e9 par INADES-Formation Cameroun, Pierre devient multiplicateur agro\u00e9cologique. Sa mission ne consiste plus uniquement \u00e0 produire, mais aussi \u00e0 transmettre. Il organise des formations th\u00e9oriques et pratiques, accompagne les producteurs int\u00e9ress\u00e9s par la permaculture et vulgarise les techniques de production naturelle aupr\u00e8s des jeunes et des communaut\u00e9s.<\/p>\n<p>Chaque d\u00e9monstration est pour lui l&rsquo;occasion de convaincre que l&rsquo;agro\u00e9cologie n&rsquo;est pas une th\u00e9orie r\u00e9serv\u00e9e aux sp\u00e9cialistes, mais une solution concr\u00e8te capable d&rsquo;am\u00e9liorer les conditions de vie des populations.<\/p>\n<p>Depuis deux ans, Pierre d\u00e9veloppe un mod\u00e8le original fond\u00e9 sur la permaculture et les techniques d&rsquo;agriculture naturelle hors-sol. Son approche r\u00e9pond \u00e0 une r\u00e9alit\u00e9 de plus en plus pr\u00e9occupante : la raret\u00e9 des terres cultivables, notamment en milieu urbain. Sur de tr\u00e8s petites surfaces, il r\u00e9ussit \u00e0 produire l\u00e9gumes, plantes aromatiques et cultures vivri\u00e8res tout en limitant la consommation d&rsquo;eau, les co\u00fbts de production et les efforts physiques.<\/p>\n<p>Au-del\u00e0 de la production, il con\u00e7oit \u00e9galement des \u00e9quipements et gadgets destin\u00e9s \u00e0 faciliter la pratique de la permaculture, tout en proposant des formations aux particuliers, aux jeunes entrepreneurs et aux organisations int\u00e9ress\u00e9es. \u00ab M\u00eame sans disposer de grandes superficies, chacun peut produire une partie de son alimentation. La terre ne doit plus \u00eatre une contrainte pour entreprendre. \u00bb<\/p>\n<p><strong><em>Transformer les d\u00e9chets en richesses<\/em><\/strong><\/p>\n<p>L&rsquo;une des particularit\u00e9s de son travail r\u00e9side dans la valorisation des d\u00e9chets organiques. \u00c0 travers les principes de l&rsquo;\u00e9conomie circulaire, Pierre transforme des mati\u00e8res souvent consid\u00e9r\u00e9es comme des rebuts en ressources utiles pour la fertilisation des cultures. Cette d\u00e9marche contribue non seulement \u00e0 am\u00e9liorer la fertilit\u00e9 des sols, mais \u00e9galement \u00e0 lutter contre l&rsquo;insalubrit\u00e9 dans les villes. Pour lui, les d\u00e9chets repr\u00e9sentent avant tout une mati\u00e8re premi\u00e8re capable de cr\u00e9er de la valeur \u00e9conomique tout en r\u00e9duisant les impacts environnementaux.<\/p>\n<p>Au-del\u00e0 de ses activit\u00e9s agricoles, Pierre Canis Serge ESSOME est \u00e9galement activiste pour la justice climatique. Convaincu que les premi\u00e8res victimes du changement climatique sont les petits producteurs, il participe r\u00e9guli\u00e8rement \u00e0 des actions de sensibilisation visant \u00e0 promouvoir des pratiques agricoles plus respectueuses des \u00e9cosyst\u00e8mes.<\/p>\n<p>Son combat consiste \u00e0 montrer que les solutions climatiques passent aussi par les champs, les jardins familiaux, les \u00e9coles et les communaut\u00e9s. Pour lui, produire autrement revient aussi \u00e0 prot\u00e9ger les g\u00e9n\u00e9rations futures.<\/p>\n<p><strong><em>Une jeunesse qui inspire<\/em><\/strong><\/p>\n<p>Le parcours de Pierre illustre parfaitement la philosophie d\u00e9fendue par INADES-Formation Cameroun : renforcer les capacit\u00e9s des producteurs afin qu&rsquo;ils deviennent eux-m\u00eames des acteurs du changement. En quelques ann\u00e9es, celui qui avait vu son premier projet agricole compromis par une injustice fonci\u00e8re est devenu un entrepreneur, un formateur et un ambassadeur de l&rsquo;agro\u00e9cologie.<\/p>\n<p>Son histoire rappelle que les difficult\u00e9s peuvent devenir des tremplins lorsque les connaissances, l&rsquo;accompagnement et la d\u00e9termination se rencontrent. \u00c0 travers son engagement, Pierre Canis Serge ESSOME d\u00e9montre qu&rsquo;une agriculture fond\u00e9e sur la permaculture, l&rsquo;innovation et les savoirs locaux peut contribuer \u00e0 b\u00e2tir des syst\u00e8mes alimentaires plus r\u00e9silients, cr\u00e9er des emplois verts et renforcer la souverainet\u00e9 alimentaire des communaut\u00e9s.<\/p>\n<p>Les donn\u00e9es de ce portrait ont \u00e9t\u00e9 collect\u00e9es pendant la mise en \u0153uvre de l&rsquo;activit\u00e9 \u00ab Mise en relation des porteurs d&rsquo;initiatives avec les m\u00e9dias \u00bb, conduite par INADES-Formation Cameroun dans le cadre du projet <em>P\u00f4le de Connaissances pour l&rsquo;Agriculture Biologique et l&rsquo;Agro\u00e9cologie en Afrique Centrale (PCAC)<\/em>.<\/p>\n","protected":false},"excerpt":{"rendered":"<p>Technicien d&rsquo;agriculture, entrepreneur en permaculture, activiste pour la justice climatique et multiplicateur accompagn\u00e9 par INADES-Formation Cameroun dans le cadre du P\u00f4le de Connaissances pour l&rsquo;Agriculture Biologique et l&rsquo;Agro\u00e9cologie en Afrique Centrale (PCAC), Pierre Canis Serge ESSOME a transform\u00e9 une injustice fonci\u00e8re en une opportunit\u00e9 d&rsquo;innover. Gr\u00e2ce aux formations re\u00e7ues, il promeut la permaculture, l&rsquo;agriculture naturelle hors-sol et l&rsquo;\u00e9conomie circulaire, tout en formant les jeunes et les producteurs \u00e0 des pratiques agricoles durables.<\/p>\n<p>\u00c0 travers son engagement, il d\u00e9montre que l&rsquo;agro\u00e9cologie constitue une r\u00e9ponse concr\u00e8te aux d\u00e9fis de l&rsquo;acc\u00e8s \u00e0 la terre, du changement climatique et de la s\u00e9curit\u00e9 alimentaire. Son parcours illustre la capacit\u00e9 de la jeunesse camerounaise \u00e0 transformer les contraintes en solutions innovantes pour b\u00e2tir des communaut\u00e9s plus r\u00e9silientes et un avenir agricole durable.<\/p>\n<p>Les informations de ce portrait ont \u00e9t\u00e9 collect\u00e9es dans le cadre de l&rsquo;activit\u00e9 \u00ab Mise en relation des porteurs d&rsquo;initiatives avec les m\u00e9dias \u00bb, mise en \u0153uvre par INADES-Formation Cameroun dans le cadre du projet PCAC.<\/p>\n","protected":false},"author":76,"featured_media":42722,"comment_status":"open","ping_status":"closed","sticky":false,"template":"","format":"standard","meta":{"_acf_changed":false,"footnotes":""},"categories":[117],"tags":[177,454],"class_list":["post-42721","post","type-post","status-publish","format-standard","has-post-thumbnail","hentry","category-exemples-de-reussites","tag-agroecology-fr","tag-permaculture-fr"],"acf":[],"_links":{"self":[{"href":"https:\/\/kcoa-africa.org\/fr\/wp-json\/wp\/v2\/posts\/42721","targetHints":{"allow":["GET"]}}],"collection":[{"href":"https:\/\/kcoa-africa.org\/fr\/wp-json\/wp\/v2\/posts"}],"about":[{"href":"https:\/\/kcoa-africa.org\/fr\/wp-json\/wp\/v2\/types\/post"}],"author":[{"embeddable":true,"href":"https:\/\/kcoa-africa.org\/fr\/wp-json\/wp\/v2\/users\/76"}],"replies":[{"embeddable":true,"href":"https:\/\/kcoa-africa.org\/fr\/wp-json\/wp\/v2\/comments?post=42721"}],"version-history":[{"count":1,"href":"https:\/\/kcoa-africa.org\/fr\/wp-json\/wp\/v2\/posts\/42721\/revisions"}],"predecessor-version":[{"id":42724,"href":"https:\/\/kcoa-africa.org\/fr\/wp-json\/wp\/v2\/posts\/42721\/revisions\/42724"}],"wp:featuredmedia":[{"embeddable":true,"href":"https:\/\/kcoa-africa.org\/fr\/wp-json\/wp\/v2\/media\/42722"}],"wp:attachment":[{"href":"https:\/\/kcoa-africa.org\/fr\/wp-json\/wp\/v2\/media?parent=42721"}],"wp:term":[{"taxonomy":"category","embeddable":true,"href":"https:\/\/kcoa-africa.org\/fr\/wp-json\/wp\/v2\/categories?post=42721"},{"taxonomy":"post_tag","embeddable":true,"href":"https:\/\/kcoa-africa.org\/fr\/wp-json\/wp\/v2\/tags?post=42721"}],"curies":[{"name":"wp","href":"https:\/\/api.w.org\/{rel}","templated":true}]}}