{"id":43383,"date":"2026-08-27T12:26:38","date_gmt":"2026-08-27T10:26:38","guid":{"rendered":"https:\/\/kcoa-africa.org\/?p=43383"},"modified":"2026-08-27T12:26:53","modified_gmt":"2026-08-27T10:26:53","slug":"yaounde-accueille-la-2e-conference-du-bassin-du-congo","status":"publish","type":"post","link":"https:\/\/kcoa-africa.org\/fr\/yaounde-accueille-la-2e-conference-du-bassin-du-congo\/","title":{"rendered":"Yaound\u00e9 accueille la 2e Conf\u00e9rence du Bassin du Congo"},"content":{"rendered":"<p><span dir=\"auto\" style=\"vertical-align: inherit\"><span dir=\"auto\" style=\"vertical-align: inherit\">La capitale camerounaise abrite depuis le 25 ao\u00fbt 2026 la 2e Conf\u00e9rence du Bassin du Congo sur l&rsquo;agro\u00e9cologie. Cette rencontre de haut niveau r\u00e9unit d\u00e9cideurs publics, organisations paysannes, partenaires techniques et financiers, chercheurs et acteurs de la soci\u00e9t\u00e9 civile autour des enjeux de souverainet\u00e9 alimentaire, de biodiversit\u00e9 et de justice climatique.<\/span><\/span><\/p>\n<p><span dir=\"auto\" style=\"vertical-align: inherit\"><span dir=\"auto\" style=\"vertical-align: inherit\">Trois ans apr\u00e8s le premier sommet organis\u00e9 \u00e0 Kinshasa, en R\u00e9publique d\u00e9mocratique du Congo, les acteurs de l&rsquo;agro\u00e9cologie se retrouvent \u00e0 Yaound\u00e9 pour \u00e9valuer les progr\u00e8s accomplis et d\u00e9finir de nouvelles orientations en faveur des syst\u00e8mes alimentaires durables dans la sous-r\u00e9gion. Plac\u00e9e sous le th\u00e8me <\/span><\/span><strong><span dir=\"auto\" style=\"vertical-align: inherit\"><span dir=\"auto\" style=\"vertical-align: inherit\">\u00ab Agro\u00e9cologie inclusive, syst\u00e8mes alimentaires durables, biodiversit\u00e9 et justice climatique dans le Bassin du Congo \u00bb<\/span><\/span><\/strong><span dir=\"auto\" style=\"vertical-align: inherit\"><span dir=\"auto\" style=\"vertical-align: inherit\"> , la conf\u00e9rence ambitionne de renforcer les engagements en faveur de la transition agro\u00e9cologique.<\/span><\/span><\/p>\n<p><span dir=\"auto\" style=\"vertical-align: inherit\"><span dir=\"auto\" style=\"vertical-align: inherit\">Dans son allocution d&rsquo;ouverture, la pr\u00e9sidente de la Concertation Nationale des Organisations Paysannes du Cameroun (CNOP-CAM), \u00c9lisabeth Atangana, a rappel\u00e9 que cette rencontre traduit la volont\u00e9 des acteurs de b\u00e2tir un avenir commun fond\u00e9 sur une agro\u00e9cologie inclusive, la pr\u00e9servation de la biodiversit\u00e9 et la promotion d&rsquo;une justice climatique adapt\u00e9e aux r\u00e9alit\u00e9s du Bassin du Congo.<\/span><\/span><\/p>\n<p><span dir=\"auto\" style=\"vertical-align: inherit\"><span dir=\"auto\" style=\"vertical-align: inherit\">Les travaux pr\u00e9sagent sur plusieurs d\u00e9fis majeurs auxquels fait face cette r\u00e9gion strat\u00e9gique pour l&rsquo;\u00e9quilibre \u00e9cologique mondial. Il s&rsquo;agit notamment de la d\u00e9gradation des \u00e9cosyst\u00e8mes, de la s\u00e9curit\u00e9 alimentaire, de la conservation de la biodiversit\u00e9 et du renforcement de la r\u00e9silience des communaut\u00e9s rurales. Les participants examinent \u00e9galement les m\u00e9canismes de financement, l&rsquo;entrepreneuriat agro\u00e9cologique, les droits des peuples autochtones ainsi que l&rsquo;implication des jeunes dans les processus de transformation des syst\u00e8mes alimentaires.<\/span><\/span><\/p>\n<p><span dir=\"auto\" style=\"vertical-align: inherit\"><span dir=\"auto\" style=\"vertical-align: inherit\">Pour les organisateurs, la conf\u00e9rence constitue un espace privil\u00e9gi\u00e9 de r\u00e9flexion et de concertation destin\u00e9 \u00e0 identifier les actions prioritaires en mati\u00e8re de politiques publiques, d&rsquo;institutions et de financements n\u00e9cessaires \u00e0 l&rsquo;extension des transitions agro\u00e9cologiques dans les pays du Bassin du Congo.<\/span><\/span><\/p>\n<p><span dir=\"auto\" style=\"vertical-align: inherit\"><span dir=\"auto\" style=\"vertical-align: inherit\">Au-del\u00e0 des \u00e9changes, les attentes sont fortes. Les participants souhaitent voir \u00e9merger des solutions concr\u00e8tes favorisant la valorisation des savoirs locaux, la gouvernance inclusive, les droits fonciers et un meilleur financement des initiatives agro\u00e9cologiques port\u00e9es par les communaut\u00e9s.<\/span><\/span><\/p>\n<p><span dir=\"auto\" style=\"vertical-align: inherit\"><span dir=\"auto\" style=\"vertical-align: inherit\">\u00c0 travers cette conf\u00e9rence, Yaound\u00e9 confirme son r\u00f4le de plateforme r\u00e9gionale de dialogue sur les questions agricoles et environnementales, dans un contexte o\u00f9 l&rsquo;agro\u00e9cologie appara\u00eet de plus en plus comme une r\u00e9ponse cr\u00e9dible aux d\u00e9fis climatiques, \u00e9conomiques et sociaux qui fait face \u00e0 l&rsquo;Afrique centrale.<\/span><\/span><\/p>\n","protected":false},"excerpt":{"rendered":"<p>Du 25 au 27 ao\u00fbt 2026, Yaound\u00e9 accueille la 2e Conf\u00e9rence du Bassin du Congo sur l\u2019agro\u00e9cologie, r\u00e9unissant d\u00e9cideurs publics, organisations paysannes, chercheurs, partenaires techniques et acteurs de la soci\u00e9t\u00e9 civile. Plac\u00e9e sous le th\u00e8me \u00ab Agro\u00e9cologie inclusive, syst\u00e8mes alimentaires durables, biodiversit\u00e9 et justice climatique dans le Bassin du Congo \u00bb, cette rencontre vise \u00e0 renforcer les engagements en faveur de la transition agro\u00e9cologique et de la souverainet\u00e9 alimentaire dans la sous-r\u00e9gion.<\/p>\n<p>Les participants examinent les d\u00e9fis li\u00e9s \u00e0 la d\u00e9gradation des \u00e9cosyst\u00e8mes, \u00e0 la s\u00e9curit\u00e9 alimentaire, \u00e0 la conservation de la biodiversit\u00e9 et \u00e0 la r\u00e9silience des communaut\u00e9s rurales. Les \u00e9changes portent \u00e9galement sur le financement de l\u2019agro\u00e9cologie, l\u2019entrepreneuriat vert, les droits des peuples autochtones et l\u2019implication des jeunes. Cette conf\u00e9rence constitue ainsi un cadre de r\u00e9flexion et de concertation destin\u00e9 \u00e0 identifier des actions concr\u00e8tes pour promouvoir des syst\u00e8mes alimentaires durables et renforcer la justice climatique dans le Bassin du Congo.<\/p>\n","protected":false},"author":76,"featured_media":43384,"comment_status":"open","ping_status":"closed","sticky":false,"template":"","format":"standard","meta":{"_acf_changed":false,"footnotes":""},"categories":[117],"tags":[],"class_list":["post-43383","post","type-post","status-publish","format-standard","has-post-thumbnail","hentry","category-exemples-de-reussites"],"acf":[],"_links":{"self":[{"href":"https:\/\/kcoa-africa.org\/fr\/wp-json\/wp\/v2\/posts\/43383","targetHints":{"allow":["GET"]}}],"collection":[{"href":"https:\/\/kcoa-africa.org\/fr\/wp-json\/wp\/v2\/posts"}],"about":[{"href":"https:\/\/kcoa-africa.org\/fr\/wp-json\/wp\/v2\/types\/post"}],"author":[{"embeddable":true,"href":"https:\/\/kcoa-africa.org\/fr\/wp-json\/wp\/v2\/users\/76"}],"replies":[{"embeddable":true,"href":"https:\/\/kcoa-africa.org\/fr\/wp-json\/wp\/v2\/comments?post=43383"}],"version-history":[{"count":3,"href":"https:\/\/kcoa-africa.org\/fr\/wp-json\/wp\/v2\/posts\/43383\/revisions"}],"predecessor-version":[{"id":43388,"href":"https:\/\/kcoa-africa.org\/fr\/wp-json\/wp\/v2\/posts\/43383\/revisions\/43388"}],"wp:featuredmedia":[{"embeddable":true,"href":"https:\/\/kcoa-africa.org\/fr\/wp-json\/wp\/v2\/media\/43384"}],"wp:attachment":[{"href":"https:\/\/kcoa-africa.org\/fr\/wp-json\/wp\/v2\/media?parent=43383"}],"wp:term":[{"taxonomy":"category","embeddable":true,"href":"https:\/\/kcoa-africa.org\/fr\/wp-json\/wp\/v2\/categories?post=43383"},{"taxonomy":"post_tag","embeddable":true,"href":"https:\/\/kcoa-africa.org\/fr\/wp-json\/wp\/v2\/tags?post=43383"}],"curies":[{"name":"wp","href":"https:\/\/api.w.org\/{rel}","templated":true}]}}